{"id":202,"date":"2020-11-26T19:00:18","date_gmt":"2020-11-26T19:00:18","guid":{"rendered":"https:\/\/harryquelocura.com\/?p=202"},"modified":"2024-12-09T04:44:03","modified_gmt":"2024-12-09T04:44:03","slug":"capitulo-14-la-ultima-fiesta","status":"publish","type":"post","link":"https:\/\/harryquelocura.com\/index.php\/2020\/11\/26\/capitulo-14-la-ultima-fiesta\/","title":{"rendered":"CAPITULO 14 &#8211; LA \u00daLTIMA FIESTA"},"content":{"rendered":"<h2 class=\"wp-block-heading\">S\u00ed, lo hab\u00e9is le\u00eddo bien: La \u00faltima fiesta, la \u00faltima en el reino de las palomas. No os pong\u00e1is tristes, que es una fiesta! Ah\u2026 vale, que os pon\u00e9is tristes porque es la \u00faltima. Disculpadme.<\/h2>\n<p>En fin, os voy a explicar porque fue la \u00faltima fiesta. Todo empez\u00f3 con un rumor. Resulta, como bien dije en el <a href=\"https:\/\/harryquelocura.com\/index.php\/2020\/11\/22\/capitulo-13-otra-tarde-en-la-cabana\/\" rel=\"noreferrer noopener\" target=\"_blank\">cap\u00edtulo anterior,<\/a> que se escuchaban voces de que iban a tirar la caba\u00f1a. Pues esos rumores resultaron ser ciertos. Es cierto que la caba\u00f1a estaba muy vieja y alguna madera que otra se mov\u00eda, incluso alguna se ca\u00eda. Me acordare siempre de aquella tarde cuando nos confirmaron las sospechas. All\u00ed est\u00e1bamos el palad\u00edn, el unicornio punki y el Alicanto. No pod\u00edan faltar el duende rojo y el viejo maestro.<\/p>\n<p> Efectivamente, esta reuni\u00f3n era para decirnos que la caba\u00f1a, llegado el invierno, desaparec\u00eda. Tambi\u00e9n nos quisieron engatusar con algunas cosas oscuras. Ellos pensaron que nosotros \u00e9ramos como un le\u00f3n de feria y que \u00edbamos a pasar por el aro, pero no, rotundamente no. Nos mantuvimos firmes en nuestro sitio. A pesar de la situaci\u00f3n, nosotros no est\u00e1bamos de acuerdo con la decisi\u00f3n pero que le \u00edbamos a hacer. Aun as\u00ed, nosotros seguimos trabajando duro en la caba\u00f1a hasta el final, con nuestras p\u00f3cimas y nuestra lumbre.<\/p>\n<p>Pasado el verano, arrancaron las fiestas del reino, la que iba a ser la \u00faltima fiesta para la caba\u00f1a. La verdad es que las maderas y los troncos fueron montadas con la misma ilusi\u00f3n que las nueve fiestas del reino que llevaba el unicornio en su lomo. Todo preparado para que los lugare\u00f1os disfrutaran de una de las mejores tablas del reino de las palomas. Aun as\u00ed, la cosa no estaba muy fina con el duende rojo, el viejo maestro y la gorgona. Pero ten\u00edamos una cosa muy clara: no \u00edbamos a estar tristes ni mucho menos trabajar menos, porque no somos de esa condici\u00f3n. Nosotros seguimos porque, quisi\u00e9ramos o no, eran las fiestas de nuestro reino.<\/p>\n<p>Tristemente, lo que podr\u00eda haber sido la mejor fiesta del todo el reino pues acabo siendo una m\u00e1s. Al final los \u00e1nimos no estaban muy arriba pero los lugare\u00f1os nos hac\u00edan estar contentos. Todos sab\u00edan lo que iba a pasar y nos daban su apoyo. La verdad es que no voy a olvidar tampoco esa fiesta, ya que nos segu\u00eda dando ese puntito de formar parte de las fiestas.<\/p>\n<p>A todo esto, dentro de la caba\u00f1a, ten\u00edamos a aquellos de los que siempre hablo. S\u00ed, a esos que les gustaba mucho las monedas del reino, los que no pod\u00edan soltarlas, esos del refr\u00e1n de mi amigo Pegaso: \u00abNi tan buenos son los que van a misa ni todos los que est\u00e1n en misa son buenos\u00bb \u00bfYa sab\u00e9is a quien me refiero, no? El duende rojo, la gorgona y el viejo maestro minotauro. Ellos no se mov\u00edan de la caba\u00f1a, prefer\u00edan ocultarse en las sombras y vigilar. Se pensar\u00edan que \u00edbamos a ser tan rastreros como ellos. Como si fu\u00e9ramos a llevarnos las monedas del reino, o que se nos ocurriera regalar la hidromiel a los lugare\u00f1os. Aun as\u00ed, mejor que estuvieran en la caba\u00f1a para no tener que verles la cara.<\/p>\n<p>Y as\u00ed transcurrieron las fiestas con sus trovadores, malabaristas y sobre todo con esos lugare\u00f1os que tanto cari\u00f1o nos demostraron en la que fue nuestra \u00faltima fiesta en la caba\u00f1a. Sobre todo de ellos no nos vamos a olvidar nunca.<\/p>\n<p>Y en el pr\u00f3ximo capitulo\u2026. NOS TIRAN LA CABA\u00d1A.<\/p>\n<p>\u00abY PORQUE FUIMOS TANTO, SIENDO NADA. EN ESE POZO DE LEY Y DE ORDEN, CON SUCIAS SOMBRAS Y SERVIDUMBRE. LO QUE PASA ESQUE USTEDES NOS ODIAN\u00bb, dedicada a esas sombras negras que dirig\u00edan la caba\u00f1a y tanto les gustaba las monedas del reino.<\/p>\n<p>Y esta canci\u00f3n de hoy ten\u00e9is que escucharla.<\/p>\n<p>\n<span style=\"position: absolute; left: -9655px; width: 1px; height: 1px;\"><\/p>\n<p><\/span><br \/>\nP.D NOS VOLVEREMOS A VER<\/p>\n<p><a href=\"https:\/\/www.youtube.com\/watch?v=1wBKpH5eDDg\">La Ra\u00edz \u2013 Entre Poetas y Presos | Live Vistalegre<\/a><\/p>\n<figure class=\"wp-block-embed-youtube wp-block-embed is-type-video is-provider-youtube wp-embed-aspect-16-9 wp-has-aspect-ratio\">\n<div class=\"wp-block-embed__wrapper\">\n<iframe allow=\"accelerometer; autoplay; clipboard-write; encrypted-media; gyroscope; picture-in-picture\" allowfullscreen=\"\" frameborder=\"0\" height=\"675\" src=\"https:\/\/www.youtube.com\/embed\/1wBKpH5eDDg?feature=oembed\" title=\"La Ra\u00edz - Entre Poetas y Presos | Live Vistalegre\" width=\"1200\"><\/iframe>\n<\/div>\n<\/figure>\n<p><!--CusAds0--><\/p>\n<div style=\"font-size: 0px; height: 0px; line-height: 0px; margin: 0; padding: 0; clear: both;\"><\/div>\n","protected":false},"excerpt":{"rendered":"<p>S\u00ed, lo hab\u00e9is le\u00eddo bien: La \u00faltima fiesta, la \u00faltima en el reino de las palomas. No os pong\u00e1is tristes, que es una fiesta! Ah\u2026 vale, que os pon\u00e9is tristes porque es la \u00faltima. Disculpadme. En fin, os voy a explicar porque fue la \u00faltima fiesta. Todo empez\u00f3 con un rumor. Resulta, como bien dije &#8230; <a title=\"CAPITULO 14 &#8211; LA \u00daLTIMA FIESTA\" class=\"read-more\" href=\"https:\/\/harryquelocura.com\/index.php\/2020\/11\/26\/capitulo-14-la-ultima-fiesta\/\">Read more<span class=\"screen-reader-text\">CAPITULO 14 &#8211; LA \u00daLTIMA FIESTA<\/span><\/a><\/p>\n","protected":false},"author":1,"featured_media":203,"comment_status":"open","ping_status":"closed","sticky":false,"template":"","format":"standard","meta":{"footnotes":""},"categories":[1],"tags":[52,18,55,25,27],"class_list":["post-202","post","type-post","status-publish","format-standard","has-post-thumbnail","hentry","category-uncategorized","tag-harry-potter","tag-harryquelocura","tag-la-ultima-fiesta","tag-mi-vida-tras-la-barra","tag-unicornio"],"_links":{"self":[{"href":"https:\/\/harryquelocura.com\/index.php\/wp-json\/wp\/v2\/posts\/202","targetHints":{"allow":["GET"]}}],"collection":[{"href":"https:\/\/harryquelocura.com\/index.php\/wp-json\/wp\/v2\/posts"}],"about":[{"href":"https:\/\/harryquelocura.com\/index.php\/wp-json\/wp\/v2\/types\/post"}],"author":[{"embeddable":true,"href":"https:\/\/harryquelocura.com\/index.php\/wp-json\/wp\/v2\/users\/1"}],"replies":[{"embeddable":true,"href":"https:\/\/harryquelocura.com\/index.php\/wp-json\/wp\/v2\/comments?post=202"}],"version-history":[{"count":3,"href":"https:\/\/harryquelocura.com\/index.php\/wp-json\/wp\/v2\/posts\/202\/revisions"}],"predecessor-version":[{"id":691,"href":"https:\/\/harryquelocura.com\/index.php\/wp-json\/wp\/v2\/posts\/202\/revisions\/691"}],"wp:featuredmedia":[{"embeddable":true,"href":"https:\/\/harryquelocura.com\/index.php\/wp-json\/wp\/v2\/media\/203"}],"wp:attachment":[{"href":"https:\/\/harryquelocura.com\/index.php\/wp-json\/wp\/v2\/media?parent=202"}],"wp:term":[{"taxonomy":"category","embeddable":true,"href":"https:\/\/harryquelocura.com\/index.php\/wp-json\/wp\/v2\/categories?post=202"},{"taxonomy":"post_tag","embeddable":true,"href":"https:\/\/harryquelocura.com\/index.php\/wp-json\/wp\/v2\/tags?post=202"}],"curies":[{"name":"wp","href":"https:\/\/api.w.org\/{rel}","templated":true}]}}